{"id":1085,"date":"2026-01-08T09:30:28","date_gmt":"2026-01-08T12:30:28","guid":{"rendered":"https:\/\/www.censalins.g12.br\/?p=1085"},"modified":"2026-01-08T09:31:42","modified_gmt":"2026-01-08T12:31:42","slug":"natal-solidario-que-transforma-vidas","status":"publish","type":"post","link":"https:\/\/www.censalins.g12.br\/?p=1085","title":{"rendered":"Natal Solid\u00e1rio que transforma vidas!"},"content":{"rendered":"\t\t<div data-elementor-type=\"wp-post\" data-elementor-id=\"1085\" class=\"elementor elementor-1085\" data-elementor-settings=\"{&quot;ha_cmc_init_switcher&quot;:&quot;no&quot;}\" data-elementor-post-type=\"post\">\n\t\t\t\t<div class=\"elementor-element elementor-element-bc722f5 e-con-full e-flex e-con e-parent\" data-id=\"bc722f5\" data-element_type=\"container\" data-settings=\"{&quot;_ha_eqh_enable&quot;:false}\">\n\t\t\t\t<div class=\"elementor-element elementor-element-7a1ce9b elementor-widget elementor-widget-image\" data-id=\"7a1ce9b\" data-element_type=\"widget\" data-widget_type=\"image.default\">\n\t\t\t\t\t\t\t\t\t\t\t\t\t\t\t<img fetchpriority=\"high\" decoding=\"async\" width=\"768\" height=\"432\" src=\"https:\/\/www.censalins.g12.br\/wp-content\/uploads\/2026\/01\/20251127_0841390-768x432.jpg\" class=\"attachment-medium_large size-medium_large wp-image-1087\" alt=\"\" srcset=\"https:\/\/www.censalins.g12.br\/wp-content\/uploads\/2026\/01\/20251127_0841390-768x432.jpg 768w, https:\/\/www.censalins.g12.br\/wp-content\/uploads\/2026\/01\/20251127_0841390-300x169.jpg 300w, https:\/\/www.censalins.g12.br\/wp-content\/uploads\/2026\/01\/20251127_0841390-1024x577.jpg 1024w, https:\/\/www.censalins.g12.br\/wp-content\/uploads\/2026\/01\/20251127_0841390-1536x865.jpg 1536w, https:\/\/www.censalins.g12.br\/wp-content\/uploads\/2026\/01\/20251127_0841390-2048x1153.jpg 2048w\" sizes=\"(max-width: 768px) 100vw, 768px\" \/>\t\t\t\t\t\t\t\t\t\t\t\t\t\t\t<\/div>\n\t\t\t\t<\/div>\n\t\t<div class=\"elementor-element elementor-element-e90298f e-flex e-con-boxed e-con e-parent\" data-id=\"e90298f\" data-element_type=\"container\" data-settings=\"{&quot;_ha_eqh_enable&quot;:false}\">\n\t\t\t\t\t<div class=\"e-con-inner\">\n\t\t<div class=\"elementor-element elementor-element-d229efa e-con-full e-flex e-con e-child\" data-id=\"d229efa\" data-element_type=\"container\" data-settings=\"{&quot;_ha_eqh_enable&quot;:false}\">\n\t\t\t\t<div class=\"elementor-element elementor-element-5b55a4c elementor-widget elementor-widget-heading\" data-id=\"5b55a4c\" data-element_type=\"widget\" data-widget_type=\"heading.default\">\n\t\t\t\t\t<h2 class=\"elementor-heading-title elementor-size-default\">Natal Solid\u00e1rio que transforma vidas!<\/h2>\t\t\t\t<\/div>\n\t\t\t\t<div class=\"elementor-element elementor-element-2e79534 elementor-widget__width-initial elementor-widget elementor-widget-text-editor\" data-id=\"2e79534\" data-element_type=\"widget\" data-widget_type=\"text-editor.default\">\n\t\t\t\t\t\t\t\t\t<p data-start=\"79\" data-end=\"423\">No dia <strong data-start=\"86\" data-end=\"104\">27 de novembro<\/strong>, mais uma linda a\u00e7\u00e3o solid\u00e1ria marcou o nosso Natal Simb\u00f3lico, realizada com muito carinho pela comunidade educativa do Col\u00e9gio Auxiliadora. Pensando nas fam\u00edlias e crian\u00e7as em situa\u00e7\u00e3o de vulnerabilidade da cidade de Lins, nossos estudantes, fam\u00edlias e colaboradores se uniram em um gesto de amor, empatia e partilha.<\/p><p data-start=\"425\" data-end=\"626\">As doa\u00e7\u00f5es de brinquedos arrecadadas foram entregues ao projeto Natal Solid\u00e1rio da L\u00facia, irm\u00e3 do Pedrinho &amp; Amigos, levando alegria, esperan\u00e7a e muitos sorrisos \u00e0s crian\u00e7as neste per\u00edodo t\u00e3o especial.<\/p><p data-start=\"628\" data-end=\"828\">Acreditamos que educar vai muito al\u00e9m da sala de aula. \u00c9 formar cidad\u00e3os conscientes, solid\u00e1rios e comprometidos com o bem comum, fortalecendo valores como respeito, empatia e responsabilidade social.<\/p><p data-start=\"830\" data-end=\"935\">Que o esp\u00edrito do Natal renove a esperan\u00e7a, fortale\u00e7a a f\u00e9 e encha cada lar de amor, paz e solidariedade.<\/p>\t\t\t\t\t\t\t\t<\/div>\n\t\t\t\t<\/div>\n\t\t\t\t\t<\/div>\n\t\t\t\t<\/div>\n\t\t<div class=\"elementor-element elementor-element-3b7fbf5 e-grid e-con-boxed e-con e-parent\" data-id=\"3b7fbf5\" data-element_type=\"container\" data-settings=\"{&quot;_ha_eqh_enable&quot;:false}\">\n\t\t\t\t\t<div class=\"e-con-inner\">\n\t\t\t\t\t<\/div>\n\t\t\t\t<\/div>\n\t\t\t\t<\/div>\n\t\t","protected":false},"excerpt":{"rendered":"<p>As doa\u00e7\u00f5es de brinquedos arrecadadas foram entregues ao projeto Natal Solid\u00e1rio da L\u00facia, irm\u00e3 do Pedrinho &#038; Amigos.<\/p>\n","protected":false},"author":3,"featured_media":1087,"comment_status":"open","ping_status":"open","sticky":false,"template":"","format":"standard","meta":{"footnotes":""},"categories":[22],"tags":[41],"post_folder":[],"class_list":["post-1085","post","type-post","status-publish","format-standard","has-post-thumbnail","hentry","category-eventos","tag-pastoral"],"_links":{"self":[{"href":"https:\/\/www.censalins.g12.br\/index.php?rest_route=\/wp\/v2\/posts\/1085","targetHints":{"allow":["GET"]}}],"collection":[{"href":"https:\/\/www.censalins.g12.br\/index.php?rest_route=\/wp\/v2\/posts"}],"about":[{"href":"https:\/\/www.censalins.g12.br\/index.php?rest_route=\/wp\/v2\/types\/post"}],"author":[{"embeddable":true,"href":"https:\/\/www.censalins.g12.br\/index.php?rest_route=\/wp\/v2\/users\/3"}],"replies":[{"embeddable":true,"href":"https:\/\/www.censalins.g12.br\/index.php?rest_route=%2Fwp%2Fv2%2Fcomments&post=1085"}],"version-history":[{"count":3,"href":"https:\/\/www.censalins.g12.br\/index.php?rest_route=\/wp\/v2\/posts\/1085\/revisions"}],"predecessor-version":[{"id":1092,"href":"https:\/\/www.censalins.g12.br\/index.php?rest_route=\/wp\/v2\/posts\/1085\/revisions\/1092"}],"wp:featuredmedia":[{"embeddable":true,"href":"https:\/\/www.censalins.g12.br\/index.php?rest_route=\/wp\/v2\/media\/1087"}],"wp:attachment":[{"href":"https:\/\/www.censalins.g12.br\/index.php?rest_route=%2Fwp%2Fv2%2Fmedia&parent=1085"}],"wp:term":[{"taxonomy":"category","embeddable":true,"href":"https:\/\/www.censalins.g12.br\/index.php?rest_route=%2Fwp%2Fv2%2Fcategories&post=1085"},{"taxonomy":"post_tag","embeddable":true,"href":"https:\/\/www.censalins.g12.br\/index.php?rest_route=%2Fwp%2Fv2%2Ftags&post=1085"},{"taxonomy":"post_folder","embeddable":true,"href":"https:\/\/www.censalins.g12.br\/index.php?rest_route=%2Fwp%2Fv2%2Fpost_folder&post=1085"}],"curies":[{"name":"wp","href":"https:\/\/api.w.org\/{rel}","templated":true}]}}