{"id":1093,"date":"2026-01-08T10:54:36","date_gmt":"2026-01-08T13:54:36","guid":{"rendered":"https:\/\/www.censalins.g12.br\/?p=1093"},"modified":"2026-01-08T10:57:25","modified_gmt":"2026-01-08T13:57:25","slug":"educar-e-tambem-cuidar-do-outro","status":"publish","type":"post","link":"https:\/\/www.censalins.g12.br\/?p=1093","title":{"rendered":"Educar \u00e9 tamb\u00e9m cuidar do outro!"},"content":{"rendered":"\t\t<div data-elementor-type=\"wp-post\" data-elementor-id=\"1093\" class=\"elementor elementor-1093\" data-elementor-settings=\"{&quot;ha_cmc_init_switcher&quot;:&quot;no&quot;}\" data-elementor-post-type=\"post\">\n\t\t\t\t<div class=\"elementor-element elementor-element-bc722f5 e-con-full e-flex e-con e-parent\" data-id=\"bc722f5\" data-element_type=\"container\" data-settings=\"{&quot;_ha_eqh_enable&quot;:false}\">\n\t\t\t\t<div class=\"elementor-element elementor-element-7a1ce9b elementor-widget elementor-widget-image\" data-id=\"7a1ce9b\" data-element_type=\"widget\" data-widget_type=\"image.default\">\n\t\t\t\t\t\t\t\t\t\t\t\t\t\t\t<img fetchpriority=\"high\" decoding=\"async\" width=\"768\" height=\"432\" src=\"https:\/\/www.censalins.g12.br\/wp-content\/uploads\/2026\/01\/20251106_102107-768x432.jpg\" class=\"attachment-medium_large size-medium_large wp-image-1094\" alt=\"\" srcset=\"https:\/\/www.censalins.g12.br\/wp-content\/uploads\/2026\/01\/20251106_102107-768x432.jpg 768w, https:\/\/www.censalins.g12.br\/wp-content\/uploads\/2026\/01\/20251106_102107-300x169.jpg 300w, https:\/\/www.censalins.g12.br\/wp-content\/uploads\/2026\/01\/20251106_102107-1024x577.jpg 1024w, https:\/\/www.censalins.g12.br\/wp-content\/uploads\/2026\/01\/20251106_102107-1536x865.jpg 1536w, https:\/\/www.censalins.g12.br\/wp-content\/uploads\/2026\/01\/20251106_102107-2048x1153.jpg 2048w\" sizes=\"(max-width: 768px) 100vw, 768px\" \/>\t\t\t\t\t\t\t\t\t\t\t\t\t\t\t<\/div>\n\t\t\t\t<\/div>\n\t\t<div class=\"elementor-element elementor-element-e90298f e-flex e-con-boxed e-con e-parent\" data-id=\"e90298f\" data-element_type=\"container\" data-settings=\"{&quot;_ha_eqh_enable&quot;:false}\">\n\t\t\t\t\t<div class=\"e-con-inner\">\n\t\t<div class=\"elementor-element elementor-element-d229efa e-con-full e-flex e-con e-child\" data-id=\"d229efa\" data-element_type=\"container\" data-settings=\"{&quot;_ha_eqh_enable&quot;:false}\">\n\t\t\t\t<div class=\"elementor-element elementor-element-5b55a4c elementor-widget elementor-widget-heading\" data-id=\"5b55a4c\" data-element_type=\"widget\" data-widget_type=\"heading.default\">\n\t\t\t\t\t<h2 class=\"elementor-heading-title elementor-size-default\">Educar \u00e9 tamb\u00e9m cuidar do outro!<\/h2>\t\t\t\t<\/div>\n\t\t\t\t<div class=\"elementor-element elementor-element-2e79534 elementor-widget__width-initial elementor-widget elementor-widget-text-editor\" data-id=\"2e79534\" data-element_type=\"widget\" data-widget_type=\"text-editor.default\">\n\t\t\t\t\t\t\t\t\t<p data-start=\"106\" data-end=\"439\">No dia <strong data-start=\"113\" data-end=\"131\">06 de novembro<\/strong>, o Col\u00e9gio Auxiliadora promoveu uma a\u00e7\u00e3o que reafirma seu compromisso com a forma\u00e7\u00e3o integral dos estudantes. Ao longo do ano, os alunos do <strong data-start=\"272\" data-end=\"312\">1\u00ba ano A e B do Ensino Fundamental I<\/strong> participaram de uma <strong data-start=\"333\" data-end=\"375\">a\u00e7\u00e3o solid\u00e1ria de doa\u00e7\u00e3o de brinquedos<\/strong> destinada ao <strong data-start=\"389\" data-end=\"426\">N\u00facleo Educativo Garoto do Bairro<\/strong>, em Lins\/SP.<\/p><p data-start=\"441\" data-end=\"673\">A iniciativa teve como prop\u00f3sito incentivar, desde cedo, valores fundamentais como <strong data-start=\"524\" data-end=\"590\">empatia, generosidade, responsabilidade social e solidariedade<\/strong>, fortalecendo a consci\u00eancia cidad\u00e3 e o olhar atento \u00e0s necessidades da comunidade.<\/p><p data-start=\"675\" data-end=\"932\">Por meio de gestos simples, mas cheios de significado, os estudantes vivenciaram, na pr\u00e1tica, a import\u00e2ncia do compartilhar e do cuidado com o pr\u00f3ximo, contribuindo para a transforma\u00e7\u00e3o de realidades e para a constru\u00e7\u00e3o de uma sociedade mais justa e humana.<\/p><p data-start=\"934\" data-end=\"1093\">O Col\u00e9gio Auxiliadora acredita em uma educa\u00e7\u00e3o que vai al\u00e9m do conhecimento acad\u00eamico, formando indiv\u00edduos \u00e9ticos, conscientes e comprometidos com o bem comum.<\/p>\t\t\t\t\t\t\t\t<\/div>\n\t\t\t\t<\/div>\n\t\t\t\t\t<\/div>\n\t\t\t\t<\/div>\n\t\t<div class=\"elementor-element elementor-element-3b7fbf5 e-grid e-con-boxed e-con e-parent\" data-id=\"3b7fbf5\" data-element_type=\"container\" data-settings=\"{&quot;_ha_eqh_enable&quot;:false}\">\n\t\t\t\t\t<div class=\"e-con-inner\">\n\t\t\t\t\t<\/div>\n\t\t\t\t<\/div>\n\t\t\t\t<\/div>\n\t\t","protected":false},"excerpt":{"rendered":"<p>Os alunos do 1\u00ba ano A e B do Ensino Fundamental I participaram de uma a\u00e7\u00e3o solid\u00e1ria de doa\u00e7\u00e3o de brinquedos destinada ao N\u00facleo Educativo Garoto do Bairro, em Lins\/SP.<\/p>\n","protected":false},"author":3,"featured_media":1094,"comment_status":"open","ping_status":"open","sticky":false,"template":"","format":"standard","meta":{"footnotes":""},"categories":[22],"tags":[41],"post_folder":[],"class_list":["post-1093","post","type-post","status-publish","format-standard","has-post-thumbnail","hentry","category-eventos","tag-pastoral"],"_links":{"self":[{"href":"https:\/\/www.censalins.g12.br\/index.php?rest_route=\/wp\/v2\/posts\/1093","targetHints":{"allow":["GET"]}}],"collection":[{"href":"https:\/\/www.censalins.g12.br\/index.php?rest_route=\/wp\/v2\/posts"}],"about":[{"href":"https:\/\/www.censalins.g12.br\/index.php?rest_route=\/wp\/v2\/types\/post"}],"author":[{"embeddable":true,"href":"https:\/\/www.censalins.g12.br\/index.php?rest_route=\/wp\/v2\/users\/3"}],"replies":[{"embeddable":true,"href":"https:\/\/www.censalins.g12.br\/index.php?rest_route=%2Fwp%2Fv2%2Fcomments&post=1093"}],"version-history":[{"count":6,"href":"https:\/\/www.censalins.g12.br\/index.php?rest_route=\/wp\/v2\/posts\/1093\/revisions"}],"predecessor-version":[{"id":1101,"href":"https:\/\/www.censalins.g12.br\/index.php?rest_route=\/wp\/v2\/posts\/1093\/revisions\/1101"}],"wp:featuredmedia":[{"embeddable":true,"href":"https:\/\/www.censalins.g12.br\/index.php?rest_route=\/wp\/v2\/media\/1094"}],"wp:attachment":[{"href":"https:\/\/www.censalins.g12.br\/index.php?rest_route=%2Fwp%2Fv2%2Fmedia&parent=1093"}],"wp:term":[{"taxonomy":"category","embeddable":true,"href":"https:\/\/www.censalins.g12.br\/index.php?rest_route=%2Fwp%2Fv2%2Fcategories&post=1093"},{"taxonomy":"post_tag","embeddable":true,"href":"https:\/\/www.censalins.g12.br\/index.php?rest_route=%2Fwp%2Fv2%2Ftags&post=1093"},{"taxonomy":"post_folder","embeddable":true,"href":"https:\/\/www.censalins.g12.br\/index.php?rest_route=%2Fwp%2Fv2%2Fpost_folder&post=1093"}],"curies":[{"name":"wp","href":"https:\/\/api.w.org\/{rel}","templated":true}]}}