{"id":1884,"date":"2026-09-03T16:36:08","date_gmt":"2026-09-03T19:36:08","guid":{"rendered":"https:\/\/www.censalins.g12.br\/?p=1884"},"modified":"2026-09-03T16:38:52","modified_gmt":"2026-09-03T19:38:52","slug":"censa-participa-de-encontro-de-gestores-da-inspetoria-nossa-senhora-aparecida","status":"publish","type":"post","link":"https:\/\/www.censalins.g12.br\/?p=1884","title":{"rendered":"CENSA participa de encontro de gestores da Inspetoria Nossa Senhora Aparecida"},"content":{"rendered":"\t\t<div data-elementor-type=\"wp-post\" data-elementor-id=\"1884\" class=\"elementor elementor-1884\" data-elementor-settings=\"{&quot;ha_cmc_init_switcher&quot;:&quot;no&quot;}\" data-elementor-post-type=\"post\">\n\t\t\t\t<div class=\"elementor-element elementor-element-e90298f e-flex e-con-boxed e-con e-parent\" data-id=\"e90298f\" data-element_type=\"container\" data-settings=\"{&quot;_ha_eqh_enable&quot;:false}\">\n\t\t\t\t\t<div class=\"e-con-inner\">\n\t\t<div class=\"elementor-element elementor-element-d229efa e-con-full e-flex e-con e-child\" data-id=\"d229efa\" data-element_type=\"container\" data-settings=\"{&quot;_ha_eqh_enable&quot;:false}\">\n\t\t\t\t<div class=\"elementor-element elementor-element-2e79534 elementor-widget__width-initial elementor-widget elementor-widget-text-editor\" data-id=\"2e79534\" data-element_type=\"widget\" data-widget_type=\"text-editor.default\">\n\t\t\t\t\t\t\t\t\t<p class=\"isSelectedEnd\">Nos dias <strong>26 e 27 de agosto<\/strong>, a diretora pedag\u00f3gica <strong>K\u00e1tia<\/strong> e a coordenadora administrativo-financeira <strong>Lilian<\/strong> representaram o <strong>CENSA \u2013 Col\u00e9gio Auxiliadora<\/strong> em um encontro de gestores realizado no <strong>INSA Camb\u00e9, no Paran\u00e1<\/strong>.<\/p><p class=\"isSelectedEnd\">O encontro foi marcado por momentos de <strong>forma\u00e7\u00e3o, alinhamento, troca de experi\u00eancias e partilha de boas pr\u00e1ticas<\/strong>, reunindo gestores das escolas da <strong>Inspetoria Nossa Senhora Aparecida (BAP)<\/strong>.<\/p><p class=\"isSelectedEnd\">A iniciativa fortalece a integra\u00e7\u00e3o entre as comunidades educativas e contribui para o aprimoramento da gest\u00e3o, sempre em sintonia com a <strong>miss\u00e3o salesiana de educar com prop\u00f3sito, compromisso e cuidado<\/strong>.<\/p><p><strong>Seguimos juntos, fortalecendo a gest\u00e3o e a miss\u00e3o de educar!<\/strong> \ud83e\udd1d\ud83d\udcda<\/p>\t\t\t\t\t\t\t\t<\/div>\n\t\t\t\t<\/div>\n\t\t\t\t\t<\/div>\n\t\t\t\t<\/div>\n\t\t<div class=\"elementor-element elementor-element-3b7fbf5 e-grid e-con-boxed e-con e-parent\" data-id=\"3b7fbf5\" data-element_type=\"container\" data-settings=\"{&quot;_ha_eqh_enable&quot;:false}\">\n\t\t\t\t\t<div class=\"e-con-inner\">\n\t\t\t\t<div class=\"elementor-element elementor-element-1d864ac elementor-widget elementor-widget-image\" data-id=\"1d864ac\" data-element_type=\"widget\" data-widget_type=\"image.default\">\n\t\t\t\t\t\t\t\t\t\t\t\t\t\t\t\t<a href=\"https:\/\/www.censalins.g12.br\/wp-content\/uploads\/2026\/09\/foto_04.jpg\" data-elementor-open-lightbox=\"yes\" data-elementor-lightbox-title=\"foto_04\" data-e-action-hash=\"#elementor-action%3Aaction%3Dlightbox%26settings%3DeyJpZCI6MTg4OCwidXJsIjoiaHR0cHM6XC9cL3d3dy5jZW5zYWxpbnMuZzEyLmJyXC93cC1jb250ZW50XC91cGxvYWRzXC8yMDI2XC8wOVwvZm90b18wNC5qcGcifQ%3D%3D\">\n\t\t\t\t\t\t\t<img decoding=\"async\" src=\"https:\/\/www.censalins.g12.br\/wp-content\/uploads\/elementor\/thumbs\/foto_04-rsviuhpx8q6i74mrpkmjowiny60whtszmjjaft2n4q.jpg\" title=\"foto_04\" alt=\"foto_04\" loading=\"lazy\" \/>\t\t\t\t\t\t\t\t<\/a>\n\t\t\t\t\t\t\t\t\t\t\t\t\t\t\t<\/div>\n\t\t\t\t<div class=\"elementor-element elementor-element-28ebfba elementor-widget elementor-widget-image\" data-id=\"28ebfba\" data-element_type=\"widget\" data-widget_type=\"image.default\">\n\t\t\t\t\t\t\t\t\t\t\t\t<figure class=\"wp-caption\">\n\t\t\t\t\t\t\t\t\t\t\t<a href=\"https:\/\/www.censalins.g12.br\/wp-content\/uploads\/2026\/09\/foto_03.jpg\" data-elementor-open-lightbox=\"yes\" data-elementor-lightbox-title=\"foto_03\" data-e-action-hash=\"#elementor-action%3Aaction%3Dlightbox%26settings%3DeyJpZCI6MTg4NywidXJsIjoiaHR0cHM6XC9cL3d3dy5jZW5zYWxpbnMuZzEyLmJyXC93cC1jb250ZW50XC91cGxvYWRzXC8yMDI2XC8wOVwvZm90b18wMy5qcGcifQ%3D%3D\">\n\t\t\t\t\t\t\t<img decoding=\"async\" src=\"https:\/\/www.censalins.g12.br\/wp-content\/uploads\/elementor\/thumbs\/foto_03-rsviueweo82nn13cnk6ijyqvrvzaa1xm9mhl8mx4fi.jpg\" title=\"foto_03\" alt=\"foto_03\" loading=\"lazy\" \/>\t\t\t\t\t\t\t\t<\/a>\n\t\t\t\t\t\t\t\t\t\t\t<figcaption class=\"widget-image-caption wp-caption-text\"><\/figcaption>\n\t\t\t\t\t\t\t\t\t\t<\/figure>\n\t\t\t\t\t\t\t\t\t<\/div>\n\t\t\t\t<div class=\"elementor-element elementor-element-9bdf1f7 elementor-widget elementor-widget-image\" data-id=\"9bdf1f7\" data-element_type=\"widget\" data-widget_type=\"image.default\">\n\t\t\t\t\t\t\t\t\t\t\t\t<figure class=\"wp-caption\">\n\t\t\t\t\t\t\t\t\t\t\t<a href=\"https:\/\/www.censalins.g12.br\/wp-content\/uploads\/2026\/09\/foto_02.jpg\" data-elementor-open-lightbox=\"yes\" data-elementor-lightbox-title=\"foto_02\" data-e-action-hash=\"#elementor-action%3Aaction%3Dlightbox%26settings%3DeyJpZCI6MTg4NiwidXJsIjoiaHR0cHM6XC9cL3d3dy5jZW5zYWxpbnMuZzEyLmJyXC93cC1jb250ZW50XC91cGxvYWRzXC8yMDI2XC8wOVwvZm90b18wMi5qcGcifQ%3D%3D\">\n\t\t\t\t\t\t\t<img decoding=\"async\" src=\"https:\/\/www.censalins.g12.br\/wp-content\/uploads\/elementor\/thumbs\/foto_02-rsviuc2w3pyso77g40ymuhghzqd6mymf98j4st1ay6.jpg\" title=\"foto_02\" alt=\"foto_02\" loading=\"lazy\" \/>\t\t\t\t\t\t\t\t<\/a>\n\t\t\t\t\t\t\t\t\t\t\t<figcaption class=\"widget-image-caption wp-caption-text\"><\/figcaption>\n\t\t\t\t\t\t\t\t\t\t<\/figure>\n\t\t\t\t\t\t\t\t\t<\/div>\n\t\t\t\t<div class=\"elementor-element elementor-element-1da78fc elementor-widget elementor-widget-image\" data-id=\"1da78fc\" data-element_type=\"widget\" data-widget_type=\"image.default\">\n\t\t\t\t\t\t\t\t\t\t\t\t<figure class=\"wp-caption\">\n\t\t\t\t\t\t\t\t\t\t\t<a href=\"https:\/\/www.censalins.g12.br\/wp-content\/uploads\/2026\/09\/foto_01.jpg\" data-elementor-open-lightbox=\"yes\" data-elementor-lightbox-title=\"foto_01\" data-e-action-hash=\"#elementor-action%3Aaction%3Dlightbox%26settings%3DeyJpZCI6MTg4NSwidXJsIjoiaHR0cHM6XC9cL3d3dy5jZW5zYWxpbnMuZzEyLmJyXC93cC1jb250ZW50XC91cGxvYWRzXC8yMDI2XC8wOVwvZm90b18wMS5qcGcifQ%3D%3D\">\n\t\t\t\t\t\t\t<img decoding=\"async\" src=\"https:\/\/www.censalins.g12.br\/wp-content\/uploads\/elementor\/thumbs\/foto_01-rsviu99dj7uxpdbjkhqr50647kr2zvb88ukocz5hgu.jpg\" title=\"foto_01\" alt=\"foto_01\" loading=\"lazy\" \/>\t\t\t\t\t\t\t\t<\/a>\n\t\t\t\t\t\t\t\t\t\t\t<figcaption class=\"widget-image-caption wp-caption-text\"><\/figcaption>\n\t\t\t\t\t\t\t\t\t\t<\/figure>\n\t\t\t\t\t\t\t\t\t<\/div>\n\t\t\t\t<div class=\"elementor-element elementor-element-1cc7526 elementor-widget elementor-widget-image\" data-id=\"1cc7526\" data-element_type=\"widget\" data-widget_type=\"image.default\">\n\t\t\t\t\t\t\t\t\t\t\t\t<figure class=\"wp-caption\">\n\t\t\t\t\t\t\t\t\t\t\t<a href=\"https:\/\/www.censalins.g12.br\/wp-content\/uploads\/2026\/09\/foto_05-1.jpg\" data-elementor-open-lightbox=\"yes\" data-elementor-lightbox-title=\"foto_05\" data-e-action-hash=\"#elementor-action%3Aaction%3Dlightbox%26settings%3DeyJpZCI6MTg5MCwidXJsIjoiaHR0cHM6XC9cL3d3dy5jZW5zYWxpbnMuZzEyLmJyXC93cC1jb250ZW50XC91cGxvYWRzXC8yMDI2XC8wOVwvZm90b18wNS0xLmpwZyJ9\">\n\t\t\t\t\t\t\t<img decoding=\"async\" src=\"https:\/\/www.censalins.g12.br\/wp-content\/uploads\/elementor\/thumbs\/foto_05-1-rsvj499k8rjr80sm6bcv5zbnq5gnvy0facfn5ybp9q.jpg\" title=\"foto_05\" alt=\"foto_05\" loading=\"lazy\" \/>\t\t\t\t\t\t\t\t<\/a>\n\t\t\t\t\t\t\t\t\t\t\t<figcaption class=\"widget-image-caption wp-caption-text\"><\/figcaption>\n\t\t\t\t\t\t\t\t\t\t<\/figure>\n\t\t\t\t\t\t\t\t\t<\/div>\n\t\t\t\t\t<\/div>\n\t\t\t\t<\/div>\n\t\t\t\t<\/div>\n\t\t","protected":false},"excerpt":{"rendered":"<p>Nos dias 26 e 27 de agosto, a diretora pedag\u00f3gica K\u00e1tia e a coordenadora administrativo-financeira Lilian representaram o CENSA \u2013 Col\u00e9gio Auxiliadora em um encontro de gestores realizado no INSA Camb\u00e9, no Paran\u00e1.<\/p>\n","protected":false},"author":3,"featured_media":1894,"comment_status":"closed","ping_status":"open","sticky":false,"template":"","format":"standard","meta":{"footnotes":""},"categories":[22],"tags":[],"post_folder":[],"class_list":["post-1884","post","type-post","status-publish","format-standard","has-post-thumbnail","hentry","category-eventos"],"_links":{"self":[{"href":"https:\/\/www.censalins.g12.br\/index.php?rest_route=\/wp\/v2\/posts\/1884","targetHints":{"allow":["GET"]}}],"collection":[{"href":"https:\/\/www.censalins.g12.br\/index.php?rest_route=\/wp\/v2\/posts"}],"about":[{"href":"https:\/\/www.censalins.g12.br\/index.php?rest_route=\/wp\/v2\/types\/post"}],"author":[{"embeddable":true,"href":"https:\/\/www.censalins.g12.br\/index.php?rest_route=\/wp\/v2\/users\/3"}],"replies":[{"embeddable":true,"href":"https:\/\/www.censalins.g12.br\/index.php?rest_route=%2Fwp%2Fv2%2Fcomments&post=1884"}],"version-history":[{"count":6,"href":"https:\/\/www.censalins.g12.br\/index.php?rest_route=\/wp\/v2\/posts\/1884\/revisions"}],"predecessor-version":[{"id":1897,"href":"https:\/\/www.censalins.g12.br\/index.php?rest_route=\/wp\/v2\/posts\/1884\/revisions\/1897"}],"wp:featuredmedia":[{"embeddable":true,"href":"https:\/\/www.censalins.g12.br\/index.php?rest_route=\/wp\/v2\/media\/1894"}],"wp:attachment":[{"href":"https:\/\/www.censalins.g12.br\/index.php?rest_route=%2Fwp%2Fv2%2Fmedia&parent=1884"}],"wp:term":[{"taxonomy":"category","embeddable":true,"href":"https:\/\/www.censalins.g12.br\/index.php?rest_route=%2Fwp%2Fv2%2Fcategories&post=1884"},{"taxonomy":"post_tag","embeddable":true,"href":"https:\/\/www.censalins.g12.br\/index.php?rest_route=%2Fwp%2Fv2%2Ftags&post=1884"},{"taxonomy":"post_folder","embeddable":true,"href":"https:\/\/www.censalins.g12.br\/index.php?rest_route=%2Fwp%2Fv2%2Fpost_folder&post=1884"}],"curies":[{"name":"wp","href":"https:\/\/api.w.org\/{rel}","templated":true}]}}