{"id":50,"date":"2025-09-30T22:22:38","date_gmt":"2025-10-01T01:22:38","guid":{"rendered":"https:\/\/www.censalins.g12.br\/?p=50"},"modified":"2026-01-05T13:54:32","modified_gmt":"2026-01-05T16:54:32","slug":"livros-didaticos-2024-editora-edebe-aquisicao-na-loja-virtual-2","status":"publish","type":"post","link":"https:\/\/www.censalins.g12.br\/?p=50","title":{"rendered":"Col\u00e9gio Auxiliadora de Lins recebe visita da inspetora Ir. Ala\u00edde para momentos de reflex\u00e3o e partilha"},"content":{"rendered":"\t\t<div data-elementor-type=\"wp-post\" data-elementor-id=\"50\" class=\"elementor elementor-50\" data-elementor-settings=\"{&quot;ha_cmc_init_switcher&quot;:&quot;no&quot;}\" data-elementor-post-type=\"post\">\n\t\t\t\t<div class=\"elementor-element elementor-element-bc722f5 e-con-full e-flex e-con e-parent\" data-id=\"bc722f5\" data-element_type=\"container\" data-settings=\"{&quot;_ha_eqh_enable&quot;:false}\">\n\t\t\t\t<div class=\"elementor-element elementor-element-7a1ce9b elementor-widget elementor-widget-image\" data-id=\"7a1ce9b\" data-element_type=\"widget\" data-widget_type=\"image.default\">\n\t\t\t\t\t\t\t\t\t\t\t\t\t\t\t<img fetchpriority=\"high\" decoding=\"async\" width=\"800\" height=\"381\" src=\"https:\/\/www.censalins.g12.br\/wp-content\/uploads\/2025\/09\/foto01-1024x488.jpg\" class=\"attachment-large size-large wp-image-568\" alt=\"\" srcset=\"https:\/\/www.censalins.g12.br\/wp-content\/uploads\/2025\/09\/foto01-1024x488.jpg 1024w, https:\/\/www.censalins.g12.br\/wp-content\/uploads\/2025\/09\/foto01-300x143.jpg 300w, https:\/\/www.censalins.g12.br\/wp-content\/uploads\/2025\/09\/foto01-768x366.jpg 768w, https:\/\/www.censalins.g12.br\/wp-content\/uploads\/2025\/09\/foto01-1536x732.jpg 1536w, https:\/\/www.censalins.g12.br\/wp-content\/uploads\/2025\/09\/foto01-2048x976.jpg 2048w\" sizes=\"(max-width: 800px) 100vw, 800px\" \/>\t\t\t\t\t\t\t\t\t\t\t\t\t\t\t<\/div>\n\t\t\t\t<\/div>\n\t\t<div class=\"elementor-element elementor-element-e90298f e-flex e-con-boxed e-con e-parent\" data-id=\"e90298f\" data-element_type=\"container\" data-settings=\"{&quot;_ha_eqh_enable&quot;:false}\">\n\t\t\t\t\t<div class=\"e-con-inner\">\n\t\t<div class=\"elementor-element elementor-element-d229efa e-con-full e-flex e-con e-child\" data-id=\"d229efa\" data-element_type=\"container\" data-settings=\"{&quot;_ha_eqh_enable&quot;:false}\">\n\t\t\t\t<div class=\"elementor-element elementor-element-5b55a4c elementor-widget elementor-widget-heading\" data-id=\"5b55a4c\" data-element_type=\"widget\" data-widget_type=\"heading.default\">\n\t\t\t\t\t<h2 class=\"elementor-heading-title elementor-size-default\">Col\u00e9gio Auxiliadora de Lins recebe visita da inspetora Ir. Ala\u00edde para momentos de reflex\u00e3o e partilha<\/h2>\t\t\t\t<\/div>\n\t\t\t\t<div class=\"elementor-element elementor-element-2e79534 elementor-widget elementor-widget-text-editor\" data-id=\"2e79534\" data-element_type=\"widget\" data-widget_type=\"text-editor.default\">\n\t\t\t\t\t\t\t\t\t<p dir=\"ltr\" style=\"line-height: 1.38; margin-top: 12pt; margin-bottom: 12pt;\"><span style=\"font-size: 11pt; font-family: Arial,sans-serif; color: #000000; background-color: transparent; font-weight: 400; font-style: normal; font-variant: normal; text-decoration: none; vertical-align: baseline; white-space: pre-wrap;\">Nos dias 05 e 06 de mar\u00e7o, o CENSA teve a honra de receber a visita da inspetora Ir. Ala\u00edde. Durante sua passagem, ela percorreu os diversos setores da escola, dialogando com funcion\u00e1rios, professores e estudantes, promovendo momentos de troca e reflex\u00e3o.<\/span><\/p><p dir=\"ltr\" style=\"line-height: 1.38; margin-top: 12pt; margin-bottom: 12pt;\"><span style=\"font-size: 11pt; font-family: Arial,sans-serif; color: #000000; background-color: transparent; font-weight: 400; font-style: normal; font-variant: normal; text-decoration: none; vertical-align: baseline; white-space: pre-wrap;\">A recep\u00e7\u00e3o contou com homenagens preparadas pelas crian\u00e7as e jovens e instantes de ora\u00e7\u00e3o, que fortaleceram o esp\u00edrito de comunh\u00e3o e f\u00e9. Em suas palavras, Ir. Ala\u00edde destacou a import\u00e2ncia de estarmos abertos \u00e0s transforma\u00e7\u00f5es que o fogo de Deus pode realizar em nossas vidas, incentivando todos a abra\u00e7arem as mudan\u00e7as com coragem e a agirem como bons cidad\u00e3os.<\/span><\/p><p dir=\"ltr\" style=\"line-height: 1.38; margin-top: 12pt; margin-bottom: 12pt;\"><span style=\"font-size: 11pt; font-family: Arial,sans-serif; color: #000000; background-color: transparent; font-weight: 400; font-style: normal; font-variant: normal; text-decoration: none; vertical-align: baseline; white-space: pre-wrap;\">Al\u00e9m disso, a inspetora trouxe \u00e0 mem\u00f3ria um marco significativo para a miss\u00e3o salesiana: os 150 anos da primeira expedi\u00e7\u00e3o mission\u00e1ria enviada por Dom Bosco, um legado que inspira a viv\u00eancia dos valores crist\u00e3os e educacionais.<\/span><\/p><p dir=\"ltr\" style=\"line-height: 1.38; margin-top: 12pt; margin-bottom: 12pt;\"><span style=\"font-size: 11pt; font-family: Arial,sans-serif; color: #000000; background-color: transparent; font-weight: 400; font-style: normal; font-variant: normal; text-decoration: none; vertical-align: baseline; white-space: pre-wrap;\">A visita foi marcada por momentos enriquecedores e inspiradores para toda a comunidade escolar. O Col\u00e9gio Auxiliadora expressa sua gratid\u00e3o \u00e0 Ir. Ala\u00edde pela presen\u00e7a e pela partilha de ensinamentos que refor\u00e7am a miss\u00e3o salesiana.<\/span><\/p>\t\t\t\t\t\t\t\t<\/div>\n\t\t\t\t<\/div>\n\t\t\t\t\t<\/div>\n\t\t\t\t<\/div>\n\t\t<div class=\"elementor-element elementor-element-4d95fc3 e-grid e-con-boxed e-con e-parent\" data-id=\"4d95fc3\" data-element_type=\"container\" data-settings=\"{&quot;_ha_eqh_enable&quot;:false}\">\n\t\t\t\t\t<div class=\"e-con-inner\">\n\t\t\t\t<div class=\"elementor-element elementor-element-9f03548 elementor-widget elementor-widget-image\" data-id=\"9f03548\" data-element_type=\"widget\" data-widget_type=\"image.default\">\n\t\t\t\t\t\t\t\t\t\t\t\t\t\t\t<img decoding=\"async\" width=\"800\" height=\"600\" src=\"https:\/\/www.censalins.g12.br\/wp-content\/uploads\/2025\/09\/Foto_10-1.jpg\" class=\"attachment-large size-large wp-image-576\" alt=\"\" srcset=\"https:\/\/www.censalins.g12.br\/wp-content\/uploads\/2025\/09\/Foto_10-1.jpg 800w, https:\/\/www.censalins.g12.br\/wp-content\/uploads\/2025\/09\/Foto_10-1-300x225.jpg 300w, https:\/\/www.censalins.g12.br\/wp-content\/uploads\/2025\/09\/Foto_10-1-768x576.jpg 768w\" sizes=\"(max-width: 800px) 100vw, 800px\" \/>\t\t\t\t\t\t\t\t\t\t\t\t\t\t\t<\/div>\n\t\t\t\t<div class=\"elementor-element elementor-element-c8dc5b9 elementor-widget elementor-widget-image\" data-id=\"c8dc5b9\" data-element_type=\"widget\" data-widget_type=\"image.default\">\n\t\t\t\t\t\t\t\t\t\t\t\t\t\t\t<img decoding=\"async\" width=\"800\" height=\"600\" src=\"https:\/\/www.censalins.g12.br\/wp-content\/uploads\/2025\/09\/Foto_08-1.jpg\" class=\"attachment-large size-large wp-image-574\" alt=\"\" srcset=\"https:\/\/www.censalins.g12.br\/wp-content\/uploads\/2025\/09\/Foto_08-1.jpg 800w, https:\/\/www.censalins.g12.br\/wp-content\/uploads\/2025\/09\/Foto_08-1-300x225.jpg 300w, https:\/\/www.censalins.g12.br\/wp-content\/uploads\/2025\/09\/Foto_08-1-768x576.jpg 768w\" sizes=\"(max-width: 800px) 100vw, 800px\" \/>\t\t\t\t\t\t\t\t\t\t\t\t\t\t\t<\/div>\n\t\t\t\t<div class=\"elementor-element elementor-element-f96b501 elementor-widget elementor-widget-image\" data-id=\"f96b501\" data-element_type=\"widget\" data-widget_type=\"image.default\">\n\t\t\t\t\t\t\t\t\t\t\t\t\t\t\t<img loading=\"lazy\" decoding=\"async\" width=\"800\" height=\"600\" src=\"https:\/\/www.censalins.g12.br\/wp-content\/uploads\/2025\/09\/Foto_07-1.jpg\" class=\"attachment-large size-large wp-image-573\" alt=\"\" srcset=\"https:\/\/www.censalins.g12.br\/wp-content\/uploads\/2025\/09\/Foto_07-1.jpg 800w, https:\/\/www.censalins.g12.br\/wp-content\/uploads\/2025\/09\/Foto_07-1-300x225.jpg 300w, https:\/\/www.censalins.g12.br\/wp-content\/uploads\/2025\/09\/Foto_07-1-768x576.jpg 768w\" sizes=\"(max-width: 800px) 100vw, 800px\" \/>\t\t\t\t\t\t\t\t\t\t\t\t\t\t\t<\/div>\n\t\t\t\t<div class=\"elementor-element elementor-element-d55aa4e elementor-widget elementor-widget-image\" data-id=\"d55aa4e\" data-element_type=\"widget\" data-widget_type=\"image.default\">\n\t\t\t\t\t\t\t\t\t\t\t\t\t\t\t<img loading=\"lazy\" decoding=\"async\" width=\"800\" height=\"600\" src=\"https:\/\/www.censalins.g12.br\/wp-content\/uploads\/2025\/09\/Foto_06-1.jpg\" class=\"attachment-large size-large wp-image-572\" alt=\"\" srcset=\"https:\/\/www.censalins.g12.br\/wp-content\/uploads\/2025\/09\/Foto_06-1.jpg 800w, https:\/\/www.censalins.g12.br\/wp-content\/uploads\/2025\/09\/Foto_06-1-300x225.jpg 300w, https:\/\/www.censalins.g12.br\/wp-content\/uploads\/2025\/09\/Foto_06-1-768x576.jpg 768w\" sizes=\"(max-width: 800px) 100vw, 800px\" \/>\t\t\t\t\t\t\t\t\t\t\t\t\t\t\t<\/div>\n\t\t\t\t<div class=\"elementor-element elementor-element-256cfeb elementor-widget elementor-widget-image\" data-id=\"256cfeb\" data-element_type=\"widget\" data-widget_type=\"image.default\">\n\t\t\t\t\t\t\t\t\t\t\t\t\t\t\t<img loading=\"lazy\" decoding=\"async\" width=\"800\" height=\"600\" src=\"https:\/\/www.censalins.g12.br\/wp-content\/uploads\/2025\/09\/Foto_04-1.jpg\" class=\"attachment-large size-large wp-image-570\" alt=\"\" srcset=\"https:\/\/www.censalins.g12.br\/wp-content\/uploads\/2025\/09\/Foto_04-1.jpg 800w, https:\/\/www.censalins.g12.br\/wp-content\/uploads\/2025\/09\/Foto_04-1-300x225.jpg 300w, https:\/\/www.censalins.g12.br\/wp-content\/uploads\/2025\/09\/Foto_04-1-768x576.jpg 768w\" sizes=\"(max-width: 800px) 100vw, 800px\" \/>\t\t\t\t\t\t\t\t\t\t\t\t\t\t\t<\/div>\n\t\t\t\t<div class=\"elementor-element elementor-element-fb0a6b5 elementor-widget elementor-widget-image\" data-id=\"fb0a6b5\" data-element_type=\"widget\" data-widget_type=\"image.default\">\n\t\t\t\t\t\t\t\t\t\t\t\t\t\t\t<img loading=\"lazy\" decoding=\"async\" width=\"800\" height=\"600\" src=\"https:\/\/www.censalins.g12.br\/wp-content\/uploads\/2025\/09\/Foto_03-1.jpg\" class=\"attachment-large size-large wp-image-569\" alt=\"\" srcset=\"https:\/\/www.censalins.g12.br\/wp-content\/uploads\/2025\/09\/Foto_03-1.jpg 800w, https:\/\/www.censalins.g12.br\/wp-content\/uploads\/2025\/09\/Foto_03-1-300x225.jpg 300w, https:\/\/www.censalins.g12.br\/wp-content\/uploads\/2025\/09\/Foto_03-1-768x576.jpg 768w\" sizes=\"(max-width: 800px) 100vw, 800px\" \/>\t\t\t\t\t\t\t\t\t\t\t\t\t\t\t<\/div>\n\t\t\t\t\t<\/div>\n\t\t\t\t<\/div>\n\t\t\t\t<\/div>\n\t\t","protected":false},"excerpt":{"rendered":"<p>Nos dias 05 e 06 de mar\u00e7o, o CENSA teve a honra de receber a visita da inspetora Ir. Ala\u00edde. Durante sua passagem, ela percorreu os diversos setores da escola, dialogando com funcion\u00e1rios, professores e estudantes, promovendo momentos de troca e reflex\u00e3o.<\/p>\n","protected":false},"author":1,"featured_media":568,"comment_status":"open","ping_status":"open","sticky":false,"template":"elementor_header_footer","format":"standard","meta":{"footnotes":""},"categories":[22],"tags":[41],"post_folder":[],"class_list":["post-50","post","type-post","status-publish","format-standard","has-post-thumbnail","hentry","category-eventos","tag-pastoral"],"_links":{"self":[{"href":"https:\/\/www.censalins.g12.br\/index.php?rest_route=\/wp\/v2\/posts\/50","targetHints":{"allow":["GET"]}}],"collection":[{"href":"https:\/\/www.censalins.g12.br\/index.php?rest_route=\/wp\/v2\/posts"}],"about":[{"href":"https:\/\/www.censalins.g12.br\/index.php?rest_route=\/wp\/v2\/types\/post"}],"author":[{"embeddable":true,"href":"https:\/\/www.censalins.g12.br\/index.php?rest_route=\/wp\/v2\/users\/1"}],"replies":[{"embeddable":true,"href":"https:\/\/www.censalins.g12.br\/index.php?rest_route=%2Fwp%2Fv2%2Fcomments&post=50"}],"version-history":[{"count":7,"href":"https:\/\/www.censalins.g12.br\/index.php?rest_route=\/wp\/v2\/posts\/50\/revisions"}],"predecessor-version":[{"id":579,"href":"https:\/\/www.censalins.g12.br\/index.php?rest_route=\/wp\/v2\/posts\/50\/revisions\/579"}],"wp:featuredmedia":[{"embeddable":true,"href":"https:\/\/www.censalins.g12.br\/index.php?rest_route=\/wp\/v2\/media\/568"}],"wp:attachment":[{"href":"https:\/\/www.censalins.g12.br\/index.php?rest_route=%2Fwp%2Fv2%2Fmedia&parent=50"}],"wp:term":[{"taxonomy":"category","embeddable":true,"href":"https:\/\/www.censalins.g12.br\/index.php?rest_route=%2Fwp%2Fv2%2Fcategories&post=50"},{"taxonomy":"post_tag","embeddable":true,"href":"https:\/\/www.censalins.g12.br\/index.php?rest_route=%2Fwp%2Fv2%2Ftags&post=50"},{"taxonomy":"post_folder","embeddable":true,"href":"https:\/\/www.censalins.g12.br\/index.php?rest_route=%2Fwp%2Fv2%2Fpost_folder&post=50"}],"curies":[{"name":"wp","href":"https:\/\/api.w.org\/{rel}","templated":true}]}}